{"id":1089,"date":"2012-09-15T14:42:00","date_gmt":"2012-09-15T14:42:00","guid":{"rendered":"https:\/\/diplomatinvestissement.com\/?p=1089"},"modified":"2026-04-22T18:28:23","modified_gmt":"2026-04-22T18:28:23","slug":"bernard-valcourt","status":"publish","type":"post","link":"https:\/\/diplomatinvestissement.com\/index.php\/2012\/09\/15\/bernard-valcourt\/","title":{"rendered":"BERNARD VALCOURT"},"content":{"rendered":"\n<p>Le ministre d\u2019\u00c9tat \u00e0 la Francophonie Bernard Valcourt accorde une attention particuli\u00e8re au XIV<sup>e<\/sup> Sommet de la Francophonie. L\u2019action du Canada au sein de la Francophonie vise avant tout l\u2019affirmation de valeurs partag\u00e9es dans l\u2019espace francophone ch\u00e8res aux canadiennes et canadiens. La d\u00e9mocratie, la bonne gouvernance, la paix, la s\u00e9curit\u00e9 et le respect des droits de la personne sont des conditions pr\u00e9alables et indispensables au d\u00e9veloppement durable. Le Canada compte donc profiter du Sommet pour rappeler que tous les pays membres de la Francophonie doivent poursuivre leurs efforts en faveur de ces principes. Le Canada a toujours soutenu fortement l\u2019Afrique depuis de nombreuses d\u00e9cennies dans de multiples domaines et continuera de jouer un r\u00f4le de leader au sein de la Francophonie et de faire valoir l\u2019importance de cr\u00e9er des liens \u00e9conomiques entre les pays membres. Dans l\u2019interview qui suit, le ministre fait un tour d\u2019horizon des grandes questions actuelles.<\/p>\n\n\n\n<p><strong>Magazine Diplomat investissement: Monsieur le ministre, vous aller effectuer votre premi\u00e8re visite en Afrique, les populations africaines attendent beaucoup de ce voyage. Quels sont les diff\u00e9rents dossiers que vous allez aborder lors du sommet de la Francophonie de Kinshasa ?<\/strong><\/p>\n\n\n\n<p><strong>Le ministre Bernard Valcourt:<\/strong> Ceci sera mon deuxi\u00e8me voyage en Afrique \u00e0 titre de ministre d\u2019\u00c9tat \u00e0 la Francophonie. J\u2019ai effectu\u00e9 une mission pr\u00e9paratoire au sommet de la Francophonie en RDC et en C\u00f4te d\u2019Ivoire et en France en juin dernier. Ce sera \u00e9galement le deuxi\u00e8me voyage du Premier ministre du Canada.<\/p>\n\n\n\n<p>\u2022 Le Sommet est une occasion pour le Canada de r\u00e9it\u00e9rer son attachement aux valeurs partag\u00e9es dans l\u2019espace francophone, c\u2019est-\u00e0-dire le d\u00e9veloppement d\u00e9mocratique, le respect des droits de la personne, la consolidation de l\u2019\u00c9tat de droit, la paix et la s\u00e9curit\u00e9 ainsi que la r\u00e9duction de la pauvret\u00e9 et le d\u00e9veloppement durable.<\/p>\n\n\n\n<p>\u2022 De plus le Sommet offre l\u2019opportunit\u00e9 de discuter et d\u2019explorer avec les autres pays membres de quelle fa\u00e7on nous pouvons ajouter une dimension \u00e9conomique \u00e0 l\u2019Organisation international de la Francophonie. Le sommet de la Francophonie de Kinshasa est une occasion pour r\u00e9fl\u00e9chir au sujet des pr\u00e9occupations majeures du monde.<\/p>\n\n\n\n<p><strong>Quelle sera la contribution du Canada dans le choix du th\u00e8me central du Sommet sur les enjeux environnementaux et \u00e9conomique face \u00e0 la gouvernance mondiale?<\/strong><\/p>\n\n\n\n<p>Pour contribuer au th\u00e8me, le Canada vise d\u2019une part \u00e0 doter la Francophonie de principes communs sur la bonne gouvernance des ressources naturelles, et d\u2019autre part \u00e0 d\u00e9velopper sa strat\u00e9gie \u00e9conomique dans le cadre de son prochain plan d\u00e9cennal.<\/p>\n\n\n\n<p>\u2022 Le Canada consid\u00e8re qu\u2019il est dans l\u2019int\u00e9r\u00eat de tous les partenaires (gouvernements, soci\u00e9t\u00e9 civile, entreprises) que les industries extractives op\u00e8rent de mani\u00e8re responsable.<\/p>\n\n\n\n<p>\u2022 Le Canada est int\u00e9ress\u00e9 \u00e0 avoir une bonne discussion sur la bonne gouvernance des ressources naturelles. La bonne gouvernance de la richesse, que de nombreux pays de la Francophonie poss\u00e8dent, en particulier en Afrique, peut aider \u00e0 promouvoir une croissance durable et sortir les pays de la pauvret\u00e9.<\/p>\n\n\n\n<p><strong>Le Canada joue un r\u00f4le de premier plan dans le rayonnement de la Francophonie \u00e0 l&rsquo;\u00e9chelle internationale et vous avez indiqu\u00e9 r\u00e9cemment que le Sommet de Kinshasa sera une excellente occasion de renforcer davantage les valeurs que pr\u00f4nent les pays membres de l\u2019Organisation internationale de la Francophonie notamment sur les progr\u00e8s en mati\u00e8re de droits de la personne, de m\u00eame que sur la d\u00e9mocratie et la bonne gouvernance. Quel est votre point de vue ?<\/strong><\/p>\n\n\n\n<p>Le Canada compte profiter du Sommet pour rappeler que tous les pays membres de la Francophonie doivent poursuivre leurs efforts en faveur de la d\u00e9mocratie, de la bonne gouvernance et du respect des droits de la personne. Les pays de la Francophonie se sont engag\u00e9s dans ce sens en adh\u00e9rant aux valeurs et aux principes de la Francophonie.<\/p>\n\n\n\n<p>\u2022 Le Canada tient \u00e9galement \u00e0 profiter du Sommet pour encourager la R\u00e9publique d\u00e9mocratique du Congo en tant qu\u2019h\u00f4te du Sommet \u00e0 continuer de travailler \u00e9troitement avec ses partenaires r\u00e9gionaux et internationaux pour \u00e9tablir une paix durable \u00e0 l\u2019est du pays et dans la r\u00e9gion des Grands Lacs.<\/p>\n\n\n\n<p>\u2022 Le Canada compte profiter du Sommet pour int\u00e9grer les principes cardinaux de libert\u00e9 de religion et de conscience aux grandes orientations de la Francophonie. Certains observateurs de la politique africaine pensent que le gouvernement canadien ne se pr\u00e9occupe pas de l\u2019Afrique. D\u2019un point de vue politique et g\u00e9ostrat\u00e9gique, mais \u00e9galement moral, \u00e9thique et de l\u2019aide au d\u00e9veloppement. Depuis 2009, le gouvernement avait annonc\u00e9 une restructuration en profondeur de ses programmes d\u2019aide bilat\u00e9raux aux pays en voie de d\u00e9veloppement. L\u2019Afrique en est sortie grande perdante, car l\u2019Agence canadienne de d\u00e9veloppement international (ACDI) s\u2019est retir\u00e9e de huit des quinze pays du continent qu\u2019elle appuyait auparavant. Alors que l\u2019allocution du Premier ministre \u00e0 l\u2019Assembl\u00e9e g\u00e9n\u00e9rale \u00e0 l\u2019automne 2010, vous avez press\u00e9 les pays de tenir leurs promesses pour qu\u2019ils obtiennent des solutions pratiques et durables en mati\u00e8re de d\u00e9veloppement.<\/p>\n\n\n\n<p><strong>Quelles sont les strat\u00e9gies du Canada en vue d\u2019atteindre les objectifs du Mill\u00e9naire pour le d\u00e9veloppement et de l\u2019am\u00e9lioration de l\u2019efficacit\u00e9 de son aide internationale en Afrique?<\/strong><\/p>\n\n\n\n<p>Le Canada soutient fortement l\u2019Afrique depuis de nombreuses d\u00e9cennies, dans de multiples domaines et par diff\u00e9rents m\u00e9canismes. Le Canada est r\u00e9solu \u00e0 renforcer les capacit\u00e9s des partenaires du d\u00e9veloppement en Afrique et \u00e0 harmoniser ses initiatives avec les priorit\u00e9s africaines afin de r\u00e9duire la pauvret\u00e9 et d\u2019accro\u00eetre la durabilit\u00e9 et la stabilit\u00e9. L\u2019Agence canadienne de d\u00e9veloppement international (ACDI) fournit 80 % du soutien annuel du gouvernement du Canada au d\u00e9veloppement en Afrique. Le programme de coop\u00e9ration internationale est cibl\u00e9, tant sur le plan th\u00e9matique que g\u00e9ographique, dans le but d\u2019accro\u00eetre l\u2019efficacit\u00e9 et la responsabilisation.<\/p>\n\n\n\n<p>\u2022 L\u2019aide internationale du Canada \u00e0 l\u2019Afrique en 2010-2011 s\u2019est \u00e9lev\u00e9e \u00e0 2,17 milliards de dollars, dont 1,7 milliard de dollars par l\u2019entremise de l\u2019ACDI. En 2010- 2011, pr\u00e8s de 48% de l\u2019aide de l\u2019ACDI \u00e9tait consacr\u00e9e \u00e0 l\u2019Afrique.<\/p>\n\n\n\n<p>\u2022 Comme il s\u2019\u00e9tait engag\u00e9 \u00e0 le faire dans le cadre du Sommet du G8, le Canada a doubl\u00e9 son aide \u00e0 l\u2019Afrique par rapport aux niveaux de 2003-2004, de sorte que celle-ci atteignait 2,1 milliards de dollars en 2008-2009. Par ailleurs, le Canada a maintenu ce niveau d\u2019appui en 2009-2010 et en 2010-2011.<\/p>\n\n\n\n<p>\u2022 Le Canada continue \u00e0 contribuer indirectement \u00e0 la r\u00e9alisation des r\u00e9sultats de d\u00e9veloppement et \u00e0 l\u2019aide humanitaire en R\u00e9publique d\u00e9mocratique du Congo (RDC) gr\u00e2ce \u00e0 son soutien institutionnel \u00e0 long terme en faveur d\u2019organisations multilat\u00e9rales et mondiales. Au cours de l\u2019exercice financier 2010-2011, l\u2019ACDI a vers\u00e9 environ 17,4 millions de dollars en faveur de la RDC gr\u00e2ce \u00e0 son soutien institutionnel \u00e0 long terme. En outre, le minist\u00e8re des Finances a vers\u00e9 13,7 millions de dollars sous forme de soutien institutionnel \u00e0 long terme \u00e0 la Banque mondiale.<\/p>\n\n\n\n<p>\u2022 En 2011-2012, l\u2019ACDI a vers\u00e9 10 millions de dollars au Programme alimentaire mondial (PAM) pour r\u00e9pondre aux besoins d\u2019aide alimentaire des personnes vuln\u00e9rables en RDC. En 2011-2012, l\u2019ACDI a consenti 2 millions de dollars au Haut-Commissariat des Nations Unies pour les r\u00e9fugi\u00e9s (HCR), afin de satisfaire les besoins fondamentaux des r\u00e9fugi\u00e9s (Burundi, Ouganda, Rwanda et Tanzanie) et des personnes d\u00e9plac\u00e9es \u00e0 l\u2019int\u00e9rieur de la RDC. De plus en 2011-2012, l\u2019ACDI a vers\u00e9 $1,5 million de dollars en r\u00e9ponse \u00e0 l\u2019appel du Haut-Commissariat des Nations Unies pour les r\u00e9fugi\u00e9s (HCR) pour la r\u00e9gion Grands Lacs et Afrique Centrale. Ce financement a permis au HCR de fournir des abris, des v\u00eatements et d\u2019autres articles non alimentaires essentiels destin\u00e9s entre autres \u00e0 des r\u00e9fugi\u00e9s Congolais au Burundi, au Rwanda, en R\u00e9publique Centrafricaine et en Ouganda.<\/p>\n\n\n\n<p>\u2022 En 2011-2012, l\u2019ACDI a fourni 2 millions de dollars au Comit\u00e9 international de la Croix-Rouge (CICR) pour apporter une aide cruciale aux personnes touch\u00e9es par le conflit en RDC.<\/p>\n\n\n\n<p>\u2022 En 2011-2012, l\u2019ACDI a vers\u00e9 des fonds \u00e0 plusieurs organisations pour la prestation de soins m\u00e9dicaux d\u2019urgence dans les zones touch\u00e9es par le conflit dans l\u2019Est de la RDC. Elle a fourni 1,5 million de dollars \u00e0 M\u00e9decins sans fronti\u00e8res (MSF) pour des services m\u00e9dicaux d\u2019urgence \u00e0 Haut Uel\u00e9 et Ituri, province Orientale.<\/p>\n\n\n\n<p>\u2022 L\u2019ACDI a \u00e9galement vers\u00e9 500 000 de dollars \u00e0 Aide \u00e0 l\u2019enfance Canada pour am\u00e9liorer l\u2019acc\u00e8s aux soins de sant\u00e9 g\u00e9n\u00e9sique, gr\u00e2ce \u00e0 la fourniture de m\u00e9dicaments et de mat\u00e9riel essentiels; \u00e0 la formation du personnel de la sant\u00e9 aux soins de sant\u00e9 g\u00e9n\u00e9sique vitaux; au renforcement des syst\u00e8mes d\u2019aiguillage des collectivit\u00e9s vers les services appropri\u00e9s d\u2019aide aux victimes de violence sexuelle, aux services de soins de sant\u00e9 g\u00e9n\u00e9sique et aux services de protection. Plusieurs investisseurs voient des opportunit\u00e9s de croissance en Afrique, selon l\u2019\u00e9tude r\u00e9alis\u00e9e par l\u2019Entreprise d\u2019Audit et Conseils ERNEST YOUNG, qui d\u00e9montre que d\u2019ici 2015, le flux d\u2019investissements directs \u00e9trangers devrait atteindre 250 milliards. Pour ne pas laisser le champ libre \u00e0 la Chine dont le commerce avec l\u2019Afrique augmente en moyenne de 30 % par an au cours de la derni\u00e8re d\u00e9cennie, et a d\u00e9pass\u00e9 la barre des 150 milliards de dollars US en 2010.<\/p>\n\n\n\n<p><strong>Pensez-vous que le gouvernement devrait s\u2019int\u00e9resser aux march\u00e9s prometteurs de l\u2019Afrique et \u00e9laborer une nouvelle politique bas\u00e9e sur le d\u00e9veloppement, le commerce et l\u2019investissement?<\/strong><\/p>\n\n\n\n<p>Les entreprises canadiennes sont tr\u00e8s enthousiastes face au potentiel qu\u2019offre l\u2019Afrique.<\/p>\n\n\n\n<p>\u2022 L\u2019an dernier, nos \u00e9changes de marchandises avec l\u2019Afrique subsaharienne ont atteint le chiffre sans pr\u00e9c\u00e9dent de 10,3 milliards de dollars, comparativement \u00e0 7,8 milliards en 2010 et 5,3 milliards en 2009.<\/p>\n\n\n\n<p>\u2022 Les pays africains, en effet, comptent parmi les \u00e9conomies qui affichent les taux de croissance les plus \u00e9lev\u00e9s au monde.<\/p>\n\n\n\n<p>\u2022 La croissance du PIB en Afrique subsaharienne a atteint 5,1 p. 100 l\u2019an dernier. C\u2019est l\u00e0 une r\u00e9alisation remarquable, compte tenu de la conjoncture mondiale actuelle.<\/p>\n\n\n\n<p>\u2022 On s\u2019attend \u00e0 ce que cette croissance dynamique se poursuive cette ann\u00e9e et encore l\u2019an prochain.<\/p>\n\n\n\n<p>\u2022 Le Canada est fier de contribuer \u00e0 la r\u00e9ussite commerciale grandissante de l\u2019Afrique. Vous vous \u00eates prononc\u00e9 en faveur du renforcement de la responsabilisation \u00e0 l\u2019\u00e9chelle mondiale pour sauver la vie de femmes et des enfants : \u00ab Les efforts du Canada portent essentiellement sur le renforcement des services de sant\u00e9 \u00e0 l\u2019\u00e9chelle communautaire, l\u2019am\u00e9lioration de la nutrition pour les m\u00e8res et les enfants, la pr\u00e9vention et le traitement des maladies les plus r\u00e9pandues \u00e0 l\u2019origine de la mortalit\u00e9 maternelle et infantile \u00bb. Comment comptez-vous aider l\u2019Afrique en g\u00e9n\u00e9rale et plus pr\u00e9cis\u00e9ment la RDC pays h\u00f4te du Sommet? Au Sommet du G8 \u00e0 Muskoka en juin 2010, le Canada s\u2019est engag\u00e9 \u00e0 verser 1,1 milliard de dollars en nouveaux fonds pour l\u2019Initiative de Muskoka sur la sant\u00e9 des m\u00e8res, des nouveau-n\u00e9s et des enfants. En tout, 80 % de ces fonds seront achemin\u00e9s vers l\u2019Afrique subsaharienne. Ce montant s\u2019ajoute \u00e0 la promesse faite de maintenir le niveau de financement actuel de 1,75 milliard de dollars canadiens pour la p\u00e9riode 2010-2015. L\u2019engagement totalise donc 2,85 milliards de dollars canadiens sur cinq ans \u2013 la majorit\u00e9 de ces fonds seront \u00e9galement d\u00e9caiss\u00e9s pour l\u2019Afrique.<\/p>\n\n\n\n<p>\u2022 Le Fonds mondial de lutte contre le sida, la tuberculose et le paludisme a \u00e9t\u00e9 cr\u00e9\u00e9 dans le but d\u2019accro\u00eetre consid\u00e9rablement les ressources destin\u00e9es \u00e0 combattre trois des maladies les plus d\u00e9vastatrices du monde et de diriger ces ressources vers les r\u00e9gions qui en ont le plus besoin. En ce qui concerne la RDC, le Fonds mondial a approuv\u00e9 des subventions s\u2019\u00e9levant au total \u00e0 1,391 millions de dollars am\u00e9ricains, dont 457 millions ont \u00e9t\u00e9 d\u00e9caiss\u00e9s \u00e0 ce jour. Quinze subventions ont \u00e9t\u00e9 approuv\u00e9es jusqu\u2019\u00e0 pr\u00e9sent.<\/p>\n\n\n\n<p>\u2022 Le Canada a engag\u00e9 1,5 milliard de dollars am\u00e9ricains pour le Fonds mondial depuis sa cr\u00e9ation, en 2002, somme qui inclut les 540 millions de dollars \u00e9chelonn\u00e9s entre 2011 et 2013 annonc\u00e9s plus r\u00e9cemment.<\/p>\n\n\n\n<p>\u2022 Outre le Fonds mondial, l\u2019ACDI appuie les activit\u00e9s multilat\u00e9rales de lutte contre la tuberculose en RDC, par l\u2019entremise du Dispositif mondial pour l\u2019approvisionnement en m\u00e9dicaments et par l\u2019interm\u00e9diaire du projet d\u2019extension des services de lutte antituberculeuse (TB REACH), deux initiatives du Partenariat Halte \u00e0 la tuberculose, organisation h\u00e9berg\u00e9e \u00e0 l&rsquo;Organisation mondiale de la sant\u00e9. \u00c0 ce jour, l\u2019ACDI a vers\u00e9 environ 149.6 millions de dollars au Dispositif mondial, dont un peu plus de 1,5 million de dollars am\u00e9ricains sous forme de m\u00e9dicaments contre la tuberculose ont \u00e9t\u00e9 consacr\u00e9s \u00e0 la RDC entre 2002 et 2010. De 2010\u00ac2011 \u00e0 2011\u00ac2012, 4,8 millions de dollars ont \u00e9t\u00e9 d\u00e9caiss\u00e9s en RDC dans le cadre du projet d\u2019extension (TB REACH).<\/p>\n\n\n\n<p>\u2022 Depuis 2002, l\u2019ACDI a octroy\u00e9 253 millions de dollars \u00e0 l\u2019Alliance GAVI, un partenariat mondial vou\u00e9 \u00e0 la sant\u00e9 qui r\u00e9unit des intervenants du domaine de l\u2019immunisation issus des secteurs priv\u00e9 et public, \u00e0 titre de soutien direct aux programmes, en plus des 200 millions de dollars am\u00e9ricains consacr\u00e9s au M\u00e9canisme de garantie de march\u00e9s, lequel acc\u00e9l\u00e8re l\u2019introduction du vaccin antipneumococcique dans les pays pauvres. Elle a plus pr\u00e9cis\u00e9ment vers\u00e9 \u00e0 ce pays 195 millions de dollars am\u00e9ricains entre 2002 et le mois de mars 2011, notamment pour l\u2019emploi de nouveaux vaccins ou de vaccins sous-utilis\u00e9s, la prestation de services d\u2019immunisation, le renforcement du syst\u00e8me de sant\u00e9 et le soutien \u00e0 la s\u00e9curit\u00e9 des injections.<\/p>\n\n\n\n<p>\u2022 L\u2019ACDI alloue 50 millions de dollars sur cinq ans \u00e0 Initiative mondiale pour acc\u00e9l\u00e9rer le soutien \u00e0 la sant\u00e9 des m\u00e8res et des nouveau-n\u00e9s du groupe H4+. Ce dernier est un m\u00e9canisme collaboratif et harmonis\u00e9 compos\u00e9 du FNUAP, de l\u2019UNICEF, de l\u2019OMS, d\u2019ONUSIDA, de la Banque mondiale et d\u2019ONU Femmes.<\/p>\n\n\n\n<p>\u2022 Depuis 2000, l\u2019ACDI a attribu\u00e9 du financement \u00e0 l\u2019UNICEF et \u00e0 l\u2019OMS pour qu\u2019ils mettent en \u0153uvre leurs projets d\u2019immunisation partout dans le monde dans le but de faire grimper les taux de couverture en mati\u00e8re d\u2019immunisation syst\u00e9matique tout en renfor\u00e7ant les syst\u00e8mes de sant\u00e9 des pays. Dans l\u2019ensemble des fonds que l\u2019Agence consacre \u00e0 l\u2019immunisation, 730 000 dollars ont \u00e9t\u00e9 attribu\u00e9s \u00e0 la RDC.<\/p>\n\n\n\n<p>\u2022 De 2010 \u00e0 2012, la Direction g\u00e9n\u00e9rale des programmes multilat\u00e9raux et mondiaux (DGPMM) de l\u2019ACDI a vers\u00e9 20 millions de dollars \u00e0 l\u2019UNICEF pour la mise en place des journ\u00e9es pour la sant\u00e9 des enfants dans 33 pays africains.<\/p>\n\n\n\n<p>\u2022 De 2011 \u00e0 2013, l\u2019ACDI attribue 15 millions de dollars au Projet pour la sant\u00e9 des populations les plus d\u00e9munies de l\u2019UNICEF. La RDC a d\u00e9j\u00e0 re\u00e7u environ 5,2 millions de dollars depuis le d\u00e9but du projet.<\/p>\n\n\n\n<p><strong>Biographie<\/strong><\/p>\n\n\n\n<p>Bernard Valcourt a \u00e9t\u00e9 \u00e9lu pour la premi\u00e8re fois \u00e0 la Chambre des communes en 1984. Il a \u00e9t\u00e9 r\u00e9\u00e9lu en 1988. Il a \u00e9t\u00e9 nomm\u00e9 secr\u00e9taire parlementaire du ministre du Revenu national et du ministre d\u2019\u00c9tat (Sciences et Technologie) en 1984. De 1984 \u00e0 1993, M. Valcourt a successivement \u0153uvr\u00e9 \u00e0 titre de ministre d\u2019\u00c9tat (Petites entreprises et Tourisme), de ministre d\u2019\u00c9tat (Affaires indiennes et du Nord canadien), de ministre de la Consommation et des Affaires commerciales, de ministre des P\u00eaches et des Oc\u00e9ans, de ministre de l\u2019Emploi et de l\u2019Immigration, et de ministre d\u00e9sign\u00e9 des Ressources humaines et du Travail.<\/p>\n\n\n\n<p>En 1995, Bernard Valcourt a \u00e9t\u00e9 \u00e9lu d\u00e9put\u00e9 d&rsquo;Edmundston \u00e0 l&rsquo;Assembl\u00e9e l\u00e9gislative du Nouveau-Brunswick, o\u00f9 il a servi comme d\u00e9put\u00e9 jusqu&rsquo;en 1999. Il a \u00e9t\u00e9 chef de l&rsquo;Opposition officielle de la province de 1995 \u00e0 1997. Il a \u00e9t\u00e9 r\u00e9\u00e9lu \u00e0 la Chambre des communes en 2011 en tant que d\u00e9put\u00e9 de Madawaska-Restigouche. Le 18 mai 2011, il a \u00e9t\u00e9 nomm\u00e9 ministre d\u2019\u00c9tat (Agence de promotion \u00e9conomique du Canada atlantique) (la Francophonie). Le 4 juillet 2012, le premier ministre lui demandait d\u2019assumer les responsabilit\u00e9s suppl\u00e9mentaires de ministre associ\u00e9 de la D\u00e9fense nationale. Bernard Valcourt est avocat de formation. Il a pratiqu\u00e9 le droit \u00e0 Edmundston, au Nouveau-Brunswick, o\u00f9 il r\u00e9side toujours.<\/p>\n","protected":false},"excerpt":{"rendered":"<p>Le ministre d\u2019\u00c9tat \u00e0 la Francophonie Bernard Valcourt accorde une attention particuli\u00e8re au XIVe Sommet de la Francophonie. L\u2019action du Canada au sein de la Francophonie vise avant tout l\u2019affirmation de valeurs partag\u00e9es dans l\u2019espace francophone ch\u00e8res aux canadiennes et canadiens. La d\u00e9mocratie, la bonne gouvernance, la paix, la s\u00e9curit\u00e9 et le respect des droits [&hellip;]<\/p>\n","protected":false},"author":5,"featured_media":1090,"comment_status":"open","ping_status":"open","sticky":false,"template":"","format":"standard","meta":{"footnotes":""},"categories":[74],"tags":[],"class_list":{"0":"post-1089","1":"post","2":"type-post","3":"status-publish","4":"format-standard","5":"has-post-thumbnail","7":"category-grande-entrevue"},"yoast_head":"<!-- This site is optimized with the Yoast SEO plugin v25.3.1 - https:\/\/yoast.com\/wordpress\/plugins\/seo\/ -->\n<title>BERNARD VALCOURT -<\/title>\n<meta name=\"robots\" content=\"index, follow, max-snippet:-1, max-image-preview:large, max-video-preview:-1\" \/>\n<link rel=\"canonical\" href=\"https:\/\/diplomatinvestissement.com\/index.php\/2012\/09\/15\/bernard-valcourt\/\" \/>\n<meta property=\"og:locale\" content=\"fr_FR\" \/>\n<meta property=\"og:type\" content=\"article\" \/>\n<meta property=\"og:title\" content=\"BERNARD VALCOURT -\" \/>\n<meta property=\"og:description\" content=\"Le ministre d\u2019\u00c9tat \u00e0 la Francophonie Bernard Valcourt accorde une attention particuli\u00e8re au XIVe Sommet de la Francophonie. L\u2019action du Canada au sein de la Francophonie vise avant tout l\u2019affirmation de valeurs partag\u00e9es dans l\u2019espace francophone ch\u00e8res aux canadiennes et canadiens. La d\u00e9mocratie, la bonne gouvernance, la paix, la s\u00e9curit\u00e9 et le respect des droits [&hellip;]\" \/>\n<meta property=\"og:url\" content=\"https:\/\/diplomatinvestissement.com\/index.php\/2012\/09\/15\/bernard-valcourt\/\" \/>\n<meta property=\"article:published_time\" content=\"2012-09-15T14:42:00+00:00\" \/>\n<meta property=\"article:modified_time\" content=\"2026-04-22T18:28:23+00:00\" \/>\n<meta property=\"og:image\" content=\"https:\/\/diplomatinvestissement.com\/wp-content\/uploads\/2026\/04\/Bernard-Valcourt-F.jpg\" \/>\n\t<meta property=\"og:image:width\" content=\"640\" \/>\n\t<meta property=\"og:image:height\" content=\"367\" \/>\n\t<meta property=\"og:image:type\" content=\"image\/jpeg\" \/>\n<meta name=\"author\" content=\"jeantele\" \/>\n<meta name=\"twitter:card\" content=\"summary_large_image\" \/>\n<meta name=\"twitter:label1\" content=\"\u00c9crit par\" \/>\n\t<meta name=\"twitter:data1\" content=\"jeantele\" \/>\n\t<meta name=\"twitter:label2\" content=\"Dur\u00e9e de lecture estim\u00e9e\" \/>\n\t<meta name=\"twitter:data2\" content=\"14 minutes\" \/>\n<script type=\"application\/ld+json\" class=\"yoast-schema-graph\">{\"@context\":\"https:\/\/schema.org\",\"@graph\":[{\"@type\":\"WebPage\",\"@id\":\"https:\/\/diplomatinvestissement.com\/index.php\/2012\/09\/15\/bernard-valcourt\/\",\"url\":\"https:\/\/diplomatinvestissement.com\/index.php\/2012\/09\/15\/bernard-valcourt\/\",\"name\":\"BERNARD VALCOURT -\",\"isPartOf\":{\"@id\":\"https:\/\/diplomatinvestissement.com\/#website\"},\"primaryImageOfPage\":{\"@id\":\"https:\/\/diplomatinvestissement.com\/index.php\/2012\/09\/15\/bernard-valcourt\/#primaryimage\"},\"image\":{\"@id\":\"https:\/\/diplomatinvestissement.com\/index.php\/2012\/09\/15\/bernard-valcourt\/#primaryimage\"},\"thumbnailUrl\":\"https:\/\/diplomatinvestissement.com\/wp-content\/uploads\/2026\/04\/Bernard-Valcourt-F.jpg\",\"datePublished\":\"2012-09-15T14:42:00+00:00\",\"dateModified\":\"2026-04-22T18:28:23+00:00\",\"author\":{\"@id\":\"https:\/\/diplomatinvestissement.com\/#\/schema\/person\/9bcbd58b3ab070f62dd9bcd102b87d7a\"},\"breadcrumb\":{\"@id\":\"https:\/\/diplomatinvestissement.com\/index.php\/2012\/09\/15\/bernard-valcourt\/#breadcrumb\"},\"inLanguage\":\"fr-FR\",\"potentialAction\":[{\"@type\":\"ReadAction\",\"target\":[\"https:\/\/diplomatinvestissement.com\/index.php\/2012\/09\/15\/bernard-valcourt\/\"]}]},{\"@type\":\"ImageObject\",\"inLanguage\":\"fr-FR\",\"@id\":\"https:\/\/diplomatinvestissement.com\/index.php\/2012\/09\/15\/bernard-valcourt\/#primaryimage\",\"url\":\"https:\/\/diplomatinvestissement.com\/wp-content\/uploads\/2026\/04\/Bernard-Valcourt-F.jpg\",\"contentUrl\":\"https:\/\/diplomatinvestissement.com\/wp-content\/uploads\/2026\/04\/Bernard-Valcourt-F.jpg\",\"width\":640,\"height\":367,\"caption\":\"Bernard Valcourt, Ministre d\u2019\u00c9tat \u00e0 la Francophonie\"},{\"@type\":\"BreadcrumbList\",\"@id\":\"https:\/\/diplomatinvestissement.com\/index.php\/2012\/09\/15\/bernard-valcourt\/#breadcrumb\",\"itemListElement\":[{\"@type\":\"ListItem\",\"position\":1,\"name\":\"Accueil\",\"item\":\"https:\/\/diplomatinvestissement.com\/\"},{\"@type\":\"ListItem\",\"position\":2,\"name\":\"BERNARD VALCOURT\"}]},{\"@type\":\"WebSite\",\"@id\":\"https:\/\/diplomatinvestissement.com\/#website\",\"url\":\"https:\/\/diplomatinvestissement.com\/\",\"name\":\"\",\"description\":\"\",\"potentialAction\":[{\"@type\":\"SearchAction\",\"target\":{\"@type\":\"EntryPoint\",\"urlTemplate\":\"https:\/\/diplomatinvestissement.com\/?s={search_term_string}\"},\"query-input\":{\"@type\":\"PropertyValueSpecification\",\"valueRequired\":true,\"valueName\":\"search_term_string\"}}],\"inLanguage\":\"fr-FR\"},{\"@type\":\"Person\",\"@id\":\"https:\/\/diplomatinvestissement.com\/#\/schema\/person\/9bcbd58b3ab070f62dd9bcd102b87d7a\",\"name\":\"jeantele\",\"image\":{\"@type\":\"ImageObject\",\"inLanguage\":\"fr-FR\",\"@id\":\"https:\/\/diplomatinvestissement.com\/#\/schema\/person\/image\/\",\"url\":\"https:\/\/secure.gravatar.com\/avatar\/6c43807ed1c287aef1b0eb808a9afbf9a1c375c00fd8557fcd2b7591faf8f05e?s=96&d=mm&r=g\",\"contentUrl\":\"https:\/\/secure.gravatar.com\/avatar\/6c43807ed1c287aef1b0eb808a9afbf9a1c375c00fd8557fcd2b7591faf8f05e?s=96&d=mm&r=g\",\"caption\":\"jeantele\"},\"url\":\"https:\/\/diplomatinvestissement.com\/index.php\/author\/jeantele\/\"}]}<\/script>\n<!-- \/ Yoast SEO plugin. -->","yoast_head_json":{"title":"BERNARD VALCOURT -","robots":{"index":"index","follow":"follow","max-snippet":"max-snippet:-1","max-image-preview":"max-image-preview:large","max-video-preview":"max-video-preview:-1"},"canonical":"https:\/\/diplomatinvestissement.com\/index.php\/2012\/09\/15\/bernard-valcourt\/","og_locale":"fr_FR","og_type":"article","og_title":"BERNARD VALCOURT -","og_description":"Le ministre d\u2019\u00c9tat \u00e0 la Francophonie Bernard Valcourt accorde une attention particuli\u00e8re au XIVe Sommet de la Francophonie. L\u2019action du Canada au sein de la Francophonie vise avant tout l\u2019affirmation de valeurs partag\u00e9es dans l\u2019espace francophone ch\u00e8res aux canadiennes et canadiens. La d\u00e9mocratie, la bonne gouvernance, la paix, la s\u00e9curit\u00e9 et le respect des droits [&hellip;]","og_url":"https:\/\/diplomatinvestissement.com\/index.php\/2012\/09\/15\/bernard-valcourt\/","article_published_time":"2012-09-15T14:42:00+00:00","article_modified_time":"2026-04-22T18:28:23+00:00","og_image":[{"width":640,"height":367,"url":"https:\/\/diplomatinvestissement.com\/wp-content\/uploads\/2026\/04\/Bernard-Valcourt-F.jpg","type":"image\/jpeg"}],"author":"jeantele","twitter_card":"summary_large_image","twitter_misc":{"\u00c9crit par":"jeantele","Dur\u00e9e de lecture estim\u00e9e":"14 minutes"},"schema":{"@context":"https:\/\/schema.org","@graph":[{"@type":"WebPage","@id":"https:\/\/diplomatinvestissement.com\/index.php\/2012\/09\/15\/bernard-valcourt\/","url":"https:\/\/diplomatinvestissement.com\/index.php\/2012\/09\/15\/bernard-valcourt\/","name":"BERNARD VALCOURT -","isPartOf":{"@id":"https:\/\/diplomatinvestissement.com\/#website"},"primaryImageOfPage":{"@id":"https:\/\/diplomatinvestissement.com\/index.php\/2012\/09\/15\/bernard-valcourt\/#primaryimage"},"image":{"@id":"https:\/\/diplomatinvestissement.com\/index.php\/2012\/09\/15\/bernard-valcourt\/#primaryimage"},"thumbnailUrl":"https:\/\/diplomatinvestissement.com\/wp-content\/uploads\/2026\/04\/Bernard-Valcourt-F.jpg","datePublished":"2012-09-15T14:42:00+00:00","dateModified":"2026-04-22T18:28:23+00:00","author":{"@id":"https:\/\/diplomatinvestissement.com\/#\/schema\/person\/9bcbd58b3ab070f62dd9bcd102b87d7a"},"breadcrumb":{"@id":"https:\/\/diplomatinvestissement.com\/index.php\/2012\/09\/15\/bernard-valcourt\/#breadcrumb"},"inLanguage":"fr-FR","potentialAction":[{"@type":"ReadAction","target":["https:\/\/diplomatinvestissement.com\/index.php\/2012\/09\/15\/bernard-valcourt\/"]}]},{"@type":"ImageObject","inLanguage":"fr-FR","@id":"https:\/\/diplomatinvestissement.com\/index.php\/2012\/09\/15\/bernard-valcourt\/#primaryimage","url":"https:\/\/diplomatinvestissement.com\/wp-content\/uploads\/2026\/04\/Bernard-Valcourt-F.jpg","contentUrl":"https:\/\/diplomatinvestissement.com\/wp-content\/uploads\/2026\/04\/Bernard-Valcourt-F.jpg","width":640,"height":367,"caption":"Bernard Valcourt, Ministre d\u2019\u00c9tat \u00e0 la Francophonie"},{"@type":"BreadcrumbList","@id":"https:\/\/diplomatinvestissement.com\/index.php\/2012\/09\/15\/bernard-valcourt\/#breadcrumb","itemListElement":[{"@type":"ListItem","position":1,"name":"Accueil","item":"https:\/\/diplomatinvestissement.com\/"},{"@type":"ListItem","position":2,"name":"BERNARD VALCOURT"}]},{"@type":"WebSite","@id":"https:\/\/diplomatinvestissement.com\/#website","url":"https:\/\/diplomatinvestissement.com\/","name":"","description":"","potentialAction":[{"@type":"SearchAction","target":{"@type":"EntryPoint","urlTemplate":"https:\/\/diplomatinvestissement.com\/?s={search_term_string}"},"query-input":{"@type":"PropertyValueSpecification","valueRequired":true,"valueName":"search_term_string"}}],"inLanguage":"fr-FR"},{"@type":"Person","@id":"https:\/\/diplomatinvestissement.com\/#\/schema\/person\/9bcbd58b3ab070f62dd9bcd102b87d7a","name":"jeantele","image":{"@type":"ImageObject","inLanguage":"fr-FR","@id":"https:\/\/diplomatinvestissement.com\/#\/schema\/person\/image\/","url":"https:\/\/secure.gravatar.com\/avatar\/6c43807ed1c287aef1b0eb808a9afbf9a1c375c00fd8557fcd2b7591faf8f05e?s=96&d=mm&r=g","contentUrl":"https:\/\/secure.gravatar.com\/avatar\/6c43807ed1c287aef1b0eb808a9afbf9a1c375c00fd8557fcd2b7591faf8f05e?s=96&d=mm&r=g","caption":"jeantele"},"url":"https:\/\/diplomatinvestissement.com\/index.php\/author\/jeantele\/"}]}},"jetpack_featured_media_url":"https:\/\/diplomatinvestissement.com\/wp-content\/uploads\/2026\/04\/Bernard-Valcourt-F.jpg","_links":{"self":[{"href":"https:\/\/diplomatinvestissement.com\/index.php\/wp-json\/wp\/v2\/posts\/1089","targetHints":{"allow":["GET"]}}],"collection":[{"href":"https:\/\/diplomatinvestissement.com\/index.php\/wp-json\/wp\/v2\/posts"}],"about":[{"href":"https:\/\/diplomatinvestissement.com\/index.php\/wp-json\/wp\/v2\/types\/post"}],"author":[{"embeddable":true,"href":"https:\/\/diplomatinvestissement.com\/index.php\/wp-json\/wp\/v2\/users\/5"}],"replies":[{"embeddable":true,"href":"https:\/\/diplomatinvestissement.com\/index.php\/wp-json\/wp\/v2\/comments?post=1089"}],"version-history":[{"count":1,"href":"https:\/\/diplomatinvestissement.com\/index.php\/wp-json\/wp\/v2\/posts\/1089\/revisions"}],"predecessor-version":[{"id":1091,"href":"https:\/\/diplomatinvestissement.com\/index.php\/wp-json\/wp\/v2\/posts\/1089\/revisions\/1091"}],"wp:featuredmedia":[{"embeddable":true,"href":"https:\/\/diplomatinvestissement.com\/index.php\/wp-json\/wp\/v2\/media\/1090"}],"wp:attachment":[{"href":"https:\/\/diplomatinvestissement.com\/index.php\/wp-json\/wp\/v2\/media?parent=1089"}],"wp:term":[{"taxonomy":"category","embeddable":true,"href":"https:\/\/diplomatinvestissement.com\/index.php\/wp-json\/wp\/v2\/categories?post=1089"},{"taxonomy":"post_tag","embeddable":true,"href":"https:\/\/diplomatinvestissement.com\/index.php\/wp-json\/wp\/v2\/tags?post=1089"}],"curies":[{"name":"wp","href":"https:\/\/api.w.org\/{rel}","templated":true}]}}