{"id":1125,"date":"2010-11-15T02:28:00","date_gmt":"2010-11-15T02:28:00","guid":{"rendered":"https:\/\/diplomatinvestissement.com\/?p=1125"},"modified":"2026-04-15T02:47:03","modified_gmt":"2026-04-15T02:47:03","slug":"general-denis-kalume-numbi","status":"publish","type":"post","link":"https:\/\/diplomatinvestissement.com\/index.php\/2010\/11\/15\/general-denis-kalume-numbi\/","title":{"rendered":"G\u00c9N\u00c9RAL D\u00c9NIS KALUME NUMBI"},"content":{"rendered":"\n<p>Le G\u00e9n\u00e9ral D\u00e9nis KALUME NUMBI ! L\u2019homme n\u2019est plus \u00e0 pr\u00e9senter. Figure militaire et politique de premier plan en R\u00e9publique D\u00e9mocratique du Congo. Il est tr\u00e8s pr\u00e9sent dans la sc\u00e8ne politique congolaise au point que son nom \u00e9voque son pass\u00e9 de grand officier de l\u2019arm\u00e9e congolaise. Depuis l\u2019\u00e9poque du Mar\u00e9chal Mobutu \u00e0 ce jour, en passant par celle de celui que les Congolais appelaient affectueusement M\u2019Zee, cet homme intelligent et comp\u00e9tent est sous les projecteurs de l\u2019actualit\u00e9. Fin strat\u00e8ge et m\u00e9ticuleux dans la r\u00e9alisation des missions qui lui sont confi\u00e9es par ses chefs, Denis Kalume Numbi est un homme des situations difficiles et des dossiers sensibles. Patriote d\u00e9vou\u00e9, tribun convaincant et convaincu, le G\u00e9n\u00e9ral s\u2019attache aux int\u00e9r\u00eats sup\u00e9rieurs de la Nation. Sa brillante carri\u00e8re militaire sous la Deuxi\u00e8me R\u00e9 publique, son passage \u00e0 la Conf\u00e9rence Nationale Souveraine, son ascension fulgurante dans le pr\u00e9carr\u00e9 des hommes de confiance de Mobutu Sese seko \u00e0 la&nbsp;Conf\u00e9rence Nationale Souveraine (CNS), de M\u2019Zee Kabila et de Joseph Kabila\u2026 sont la preuve de la valeur intrins\u00e8que de cet homme qui vient de g\u00e9rer avec brio les manifestations du Cinquantenaire de l\u2019Ind\u00e9pendance de la RDC. Souvent incompris, il fait l\u2019objet des \u00ab fl\u00e8ches empoisonn\u00e9es \u00bb de la part de ses d\u00e9tracteurs.<\/p>\n\n\n\n<p><strong>Diplomat Investissement : Monsieur le Commissaire G\u00e9n\u00e9ral du Cinquantenaire, G\u00e9n\u00e9 ral KALUME, apr\u00e8s avoir b\u00e9n\u00e9fici\u00e9 de la confiance du Pr\u00e9sident Joseph Kabila pour pr\u00e9sider aux destin\u00e9es de cette institution qu\u2019il a cr\u00e9\u00e9e, quel est le sentiment que vous \u00e9prouvez \u00e0 ce sujet ? Avez vous l\u2019impression d\u2019avoir atteint les objectifs qui vous ont \u00e9t\u00e9 assign\u00e9s ?<\/strong><\/p>\n\n\n\n<p><strong>G\u00e9n\u00e9ral KALUME :<\/strong> Merci Monsieur le journaliste pour l\u2019opportunit\u00e9 que vous nous offrez ce jour, en vue de nous entretenir avec vous sur le Commissariat G\u00e9n\u00e9ral du Cinquantenaire et \u00e0 travers vous, avec vos nombreux lecteurs. La r\u00e9ponse \u00e0 votre question comporte deux volets : Le 1er volet ; c\u2019est l\u2019\u00e9valuation par rapport \u00e0 la com m\u00e9moration de la journ\u00e9e anniversaire de l\u2019accession de notre pays \u00e0 l\u2019ind\u00e9pendance, qui est une activit\u00e9 ponctuelle, li\u00e9e au jour \u201cJ\u2019\u2019, c\u2019est-\u00e0-dire 30 juin 2010. Le 2\u00e8me volet est en rapport avec l\u2019\u00e9valuation des ac tivit\u00e9s continues pendant toute l\u2019ann\u00e9e jubilaire, c\u2019est \u00e0-dire de janvier \u00e0 d\u00e9cembre 2010, dont l\u2019\u00e9valuation globale ne pourra \u00eatre donn\u00e9e qu\u2019\u00e0 la fin de l\u2019ann\u00e9e jubilaire. Par rapport \u00e0 l\u2019activit\u00e9 ponctuelle, les festivit\u00e9s du 30 juin, nous pouvons affirmer sans crainte d\u2019\u00eatre contredit, que nous avons atteint les objectifs ; au re gard des grandioses manifestations qui ont \u00e9t\u00e9 organis\u00e9es le 30 juin dernier.<\/p>\n\n\n\n<p>Ces manifestations ont donn\u00e9 au peuple congolais l\u2019occasion de lancer un message fort en direction d\u2019autres peuples du monde, pour leur dire que ce peuple est toujours l\u00e0, malgr\u00e9 les vicissitude de l\u2019histoire, d\u00e9bout et uni comme un seul Homme, derri\u00e8re son Chef, pr\u00eat \u00e0 jeter les bases d\u2019un d\u00e9veloppement durable de son pays, pour qu\u2019\u00e0 l\u2019horizon 2035, c\u2019est-\u00e0-dire \u00e0 l\u2019espace d\u2019une g\u00e9n\u00e9ration, la RDC joue son r\u00f4le naturel de la locomotive de l\u2019Afrique Centrale en tant que pays \u00e9mergent.<\/p>\n\n\n\n<p><strong>Que faites-vous maintenant ?<\/strong><\/p>\n\n\n\n<p><strong>Le Com missariat G\u00e9n\u00e9ral du Cinquantenaire a-t il mis la cl\u00e9 sous le paillasson apr\u00e8s le 30 juin 2010?<\/strong><\/p>\n\n\n\n<p>Non, Monsieur le journaliste. Comme je vous l\u2019ai annonc\u00e9 en r\u00e9ponse \u00e0 votre 1\u00e8re question ; \u00e0 c\u00f4t\u00e9 de l\u2019activit\u00e9 ponctuelle du jour \u201c J\u2019\u2019 le 30 juin 2010, il y avait \u00e9gale ment d\u2019autres activit\u00e9s continues \u00e0 r\u00e9aliser tout au long de l\u2019ann\u00e9e, de janvier \u00e0 d\u00e9 cembre 2010. Ce sont des activit\u00e9s li\u00e9es : Primo : \u00c0 la R\u00e9flexion-Bilan et Prospec tive ; Secundo : A la vulgarisation, communica tion et \u00e9ducation \u00e0 la citoyennet\u00e9 ; Tertio : \u00e0 la p\u00e9rennisation et \u00e0 l\u2019immortali sation de l\u2019ann\u00e9e jubilaire du cinquante naire. Concernant les activit\u00e9s de r\u00e9flexion bilan prospective, elles se proposent de donner aux congolais l\u2019occasion de r\u00e9pondre collectivement aux trois questions fondamentales ci-apr\u00e8s : d\u2019o\u00f9 venons-nous, o\u00f9 en sommes-nous 50 ans apr\u00e8s, et o\u00f9 de vons-nous aller ? Cette r\u00e9flexion collective devra, nous per mettre de reconstituer, la m\u00e9moire collec 54 novembre-d\u00e9cembre 2010 Diplomat Investissement tive, scruter le pass\u00e9 pour comprendre le pr\u00e9sent et prendre de bonnes r\u00e9solutions pour l\u2019avenir de notre pays. Concernant les activit\u00e9s de vulgarisation, communica tion et \u00e9ducation \u00e0 la citoyennet\u00e9, elles se proposent d\u2019amener les congolais, apr\u00e8s avoir tir\u00e9 des bonnes conclusions pour l\u2019avenir de notre pays, \u00e0 prendre l\u2019engage ment collectif d\u2019appliquer ces bonnes r\u00e9so lutions. Concernant les activit\u00e9s li\u00e9es \u00e0 la p\u00e9rennisation de la date du 30 juin 2010. Elles visent \u00e0 p\u00e9renniser cette date sur le terrain pour \u00e9tablir une ligne de d\u00e9marca tion entre le pass\u00e9 et l\u2019avenir en vue d\u2019un nouveau d\u00e9part pour un pays plus beau qu\u2019avant. Cette p\u00e9rennisation se mat\u00e9rialisera sur le terrain par la construction des \u00e9difices, ouvrages d\u2019art, monuments et places por tant l\u2019appellation du Cinquantenaire : \u00e0 l\u2019instar de la place du Cinquantenaire en face du palais du peuple, pont LUANGO reliant le BANDUNDU et le KASAI, le mo nument KASAVUBU, le monument de l\u2019ind\u00e9pendance, etc.<\/p>\n\n\n\n<p><strong>Monsieur le Commissaire G\u00e9n\u00e9ral du Cinquantenaire, pouvez-vous nous dire combien d\u2019argent vous avez re\u00e7u du Gouvernement pour organiser toutes ces activit\u00e9s ?<\/strong><\/p>\n\n\n\n<p>Il para\u00eet que c\u2019est une affaire de gros sou ! Nous avons \u00e9labor\u00e9 un budget qui finale ment a \u00e9t\u00e9 r\u00e9am\u00e9nag\u00e9 au regard des contraintes financi\u00e8res dict\u00e9es par l\u2019enga gement de notre pays au processus pour l\u2019atteinte du point d\u2019ach\u00e8vement de l\u2019ini tiative Pays Pauvre Tr\u00e8s Endett\u00e9. Sur les dix sept millions de dollars US sollicit\u00e9s, moins de deux millions ont \u00e9t\u00e9 mis \u00e0 la disposition du Commissariat G\u00e9n\u00e9ral du Cinquantenaire, comme allocation budg\u00e9 taire contrairement aux all\u00e9gations mal veillantes publi\u00e9es \u00e7a et l\u00e0. Il faut faire le distinguo entre les moyens mis en place pour l\u2019organisation des acti vit\u00e9s du Cinquantenaire dans tous les do maines, et les moyens mis sp\u00e9cifiquement \u00e0 la disposition du Commissariat G\u00e9n\u00e9ral du Cinquantenaire. Les premiers concer nent les fonds d\u00e9bloqu\u00e9s pour organiser les activit\u00e9s li\u00e9es au Cinquantenaire dans les diff\u00e9rents secteurs, notamment dans les diff\u00e9rents minist\u00e8res et services. Nous ne g\u00e9rions pas ces fonds-l\u00e0. Par contre le Commissariat G\u00e9n\u00e9ral du Cinquantenaire a \u00e9t\u00e9 oblig\u00e9 de privil\u00e9gier l\u2019efficience, c\u2019est-\u00e0-dire, faire beaucoup avec tr\u00e8s peu de moyen, en toute transparence. Nos livres de compte sont ouverts \u00e0 quiconque veut les consulter. Je tiens \u00e0 vous informer que malgr\u00e9 les injonctions de la Pr\u00e9sidence et de la Primature, les contraintes impos\u00e9es au minist\u00e8re de fi nances par le point d\u2019ach\u00e8vement ; ne lui ont pas permis de disponibiliser r\u00e9guli\u00e8re ment des fonds au profit du Commissariat G\u00e9n\u00e9ral du Cinquantenaire ; c\u2019est ainsi sur 14 mois prest\u00e9s, c\u2019est-\u00e0-dire de juillet 2009 \u00e0 d\u00e9cembre 2010, le CGC n\u2019a b\u00e9n\u00e9fici\u00e9 que des quatre mois de fonds de fonctionne ment. Je vous informe en outre qu\u2019au cours des cinq premiers mois de son exis tence, le Commissariat G\u00e9n\u00e9ral du Cin quantenaire, a fonctionn\u00e9 sans moyens, et nous nous sommes install\u00e9s et \u00e9quip\u00e9s gr\u00e2ce au pr\u00e9financement de certains priv\u00e9s qui avaient fait confiance \u00e0 notre institu tion. A un certain moment, nous \u00e9tions m\u00eame oblig\u00e9s de mettre une partie du per sonnel en cong\u00e9 technique \u00e0 cause du manque de moyens.<\/p>\n\n\n\n<p><strong>Quelles sont d\u2019apr\u00e8s vous, les strat\u00e9gies \u00e9conomiques et politiques \u00e0 mettre en \u0153uvre pour assurer un d\u00e9veloppement durable de la RDC ?<\/strong><\/p>\n\n\n\n<p>Les strat\u00e9gies, c\u2019est quelque chose de confidentiel. Toutefois, ce que nous pou vons vous dire \u00e0 ce sujet, est que nous \u00e9ta blirons des strat\u00e9gies sectorielles sur base des rapports que nous allons enregistrer de la part des 53 secr\u00e9tariats g\u00e9n\u00e9raux de l\u2019administration publique repr\u00e9sentant 53 secteurs d\u2019activit\u00e9s de la vie nationale, qui sont en plein travail de r\u00e9flexion pour le moment. Et en collaboration avec le Minis t\u00e8re de plan, ces strat\u00e9gies seront r\u00e9unies dans un document que nous avons baptis\u00e9 \u00ab R\u00e9flexions multisectorielles : bilan et prospectives \u00bb. Dans ce document, chaque secr\u00e9tariat g\u00e9n\u00e9ral va en collaboration avec les acteurs non \u00e9tatique de son sec teur, nous proposer des strat\u00e9gies \u00e0 entre prendre dans son secteur pour que ce sec teur participe au d\u00e9veloppement durable de notre pays. Un forum virtuel sera ou vert pour d\u00e9mocratiser le d\u00e9bat et permet tre \u00e0 tout congolais d\u2019enrichir les proposi tions formul\u00e9es par les Secr\u00e9taires G\u00e9n\u00e9raux.<\/p>\n\n\n\n<p><strong>Pouvez-vous confirmer les informations selon lesquelles votre institution fait pr\u00e9sentement l\u2019objet d\u2019un contr\u00f4le financier de la part des Inspecteurs des Finances ? Etes-vous serein ?<\/strong><\/p>\n\n\n\n<p>Oui, nous confirmons ces informations. Mais nous sommes hyper sereins parce que nous n\u2019avons rien \u00e0 nous reprocher. Bien au contraire, nous estimons que cela rentre dans le cadre normal de la fonction de contr\u00f4le pour consolider la bonne gou vernance dans votre pays. Nous encoura geons cette pratique et encourageons les organes ad hoc : cours des comptes, Ins pection g\u00e9n\u00e9rale de finance, etc. \u00e0 remplir leur mission. Nous sommes une institution organis\u00e9e de telle sorte que le peu de moyens allou\u00e9s au Commissariat G\u00e9n\u00e9ral du Cinquante naire \u00e9taient utilis\u00e9s \u00e0 bon escient, de ma ni\u00e8re coll\u00e9giale et en toute transparence par les deux organes qui sont, le Comit\u00e9 scientifique et le Comit\u00e9 ex\u00e9cutif. Donc, nous n\u2019\u00e9prouvons aucun ressen timent quant \u00e0 l\u2019issue de ce contr\u00f4le.<\/p>\n\n\n\n<p><strong>Monsieur le Commissaire G\u00e9n\u00e9ral, nous avons appris dans les couloirs du Minis t\u00e8re de l\u2019Emploi, du Travail et de la Pr\u00e9 voyance Sociale que la structure d\u00e9nom m\u00e9e \u00ab Programme-Cadre de Cr\u00e9ation d\u2019Emplois et de Revenus (PROCER) a soumis \u00e0 votre appr\u00e9ciation et ex\u00e9cution un projet de cr\u00e9ation d\u2019emplois dans le cadre des activit\u00e9s du Cinquantenaire. Qu\u2019avez-vous fait de ce projet ?<\/strong><\/p>\n\n\n\n<p>Bien s\u00fbr, nous avons re\u00e7u ce document tr\u00e8s int\u00e9ressant. Nous avons re\u00e7u tant d\u2019autres propositions dans d\u2019autres domaines d\u2019ac tivit\u00e9s. Le probl\u00e8me qui se pose c\u2019est celui relatif aux moyens \u00e0 mettre en \u0153uvre. Le Commissariat G\u00e9n\u00e9ral du Cinquantenaire a des moyens tr\u00e8s limit\u00e9s comme nous l\u2019avons dit plus haut. C\u2019est pourquoi, toutes les propositions d\u2019activit\u00e9s que nous avons jug\u00e9es utiles et r\u00e9alisables ont \u00e9t\u00e9 orient\u00e9es vers les minist\u00e8res int\u00e9ress\u00e9s pour voir dans quelle mesure ils peuvent les r\u00e9aliser \u00e0 ce niveau. Il en est de m\u00eame du projet \u00ab Emplois du Cinquantenaire \u00bb dont vous faites allusion.<\/p>\n\n\n\n<p><strong>Monsieur le Commissaire G\u00e9n\u00e9ral, pour terminer, quel message pouvez-vous adresser au peuple congolais en cette ann\u00e9e comm\u00e9morative du Cinquantenaire de l\u2019ind\u00e9pendance de votre pays?<\/strong><\/p>\n\n\n\n<p>Comme message \u00e0 adresser au peuple congolais ; c\u2019est le message d\u2019espoir, de voir l\u2019esprit et la dynamique du renouveau insuffl\u00e9e par le Cinquantenaire, se p\u00e9ren niser, en vue de mobiliser et de canaliser toutes les \u00e9nergies des filles et fils de ce pays vers la reconstruction d\u2019un pays plus beau qu\u2019avant, reconstruction dont le bali sage et le jalonage sont d\u2019ores et d\u00e9j\u00e0 fix\u00e9s par les cinq chantiers du Pr\u00e9sident de la R\u00e9publique, Joseph KABILA KABANGE.<\/p>\n","protected":false},"excerpt":{"rendered":"<p>Le G\u00e9n\u00e9ral D\u00e9nis KALUME NUMBI ! L\u2019homme n\u2019est plus \u00e0 pr\u00e9senter. Figure militaire et politique de premier plan en R\u00e9publique D\u00e9mocratique du Congo. Il est tr\u00e8s pr\u00e9sent dans la sc\u00e8ne politique congolaise au point que son nom \u00e9voque son pass\u00e9 de grand officier de l\u2019arm\u00e9e congolaise. Depuis l\u2019\u00e9poque du Mar\u00e9chal Mobutu \u00e0 ce jour, en [&hellip;]<\/p>\n","protected":false},"author":1,"featured_media":1126,"comment_status":"open","ping_status":"open","sticky":false,"template":"","format":"standard","meta":{"footnotes":""},"categories":[74],"tags":[],"class_list":{"0":"post-1125","1":"post","2":"type-post","3":"status-publish","4":"format-standard","5":"has-post-thumbnail","7":"category-grande-entrevue"},"yoast_head":"<!-- This site is optimized with the Yoast SEO plugin v25.3.1 - https:\/\/yoast.com\/wordpress\/plugins\/seo\/ -->\n<title>G\u00c9N\u00c9RAL D\u00c9NIS KALUME NUMBI -<\/title>\n<meta name=\"robots\" content=\"index, follow, max-snippet:-1, max-image-preview:large, max-video-preview:-1\" \/>\n<link rel=\"canonical\" href=\"https:\/\/diplomatinvestissement.com\/index.php\/2010\/11\/15\/general-denis-kalume-numbi\/\" \/>\n<meta property=\"og:locale\" content=\"fr_FR\" \/>\n<meta property=\"og:type\" content=\"article\" \/>\n<meta property=\"og:title\" content=\"G\u00c9N\u00c9RAL D\u00c9NIS KALUME NUMBI -\" \/>\n<meta property=\"og:description\" content=\"Le G\u00e9n\u00e9ral D\u00e9nis KALUME NUMBI ! L\u2019homme n\u2019est plus \u00e0 pr\u00e9senter. Figure militaire et politique de premier plan en R\u00e9publique D\u00e9mocratique du Congo. Il est tr\u00e8s pr\u00e9sent dans la sc\u00e8ne politique congolaise au point que son nom \u00e9voque son pass\u00e9 de grand officier de l\u2019arm\u00e9e congolaise. Depuis l\u2019\u00e9poque du Mar\u00e9chal Mobutu \u00e0 ce jour, en [&hellip;]\" \/>\n<meta property=\"og:url\" content=\"https:\/\/diplomatinvestissement.com\/index.php\/2010\/11\/15\/general-denis-kalume-numbi\/\" \/>\n<meta property=\"article:published_time\" content=\"2010-11-15T02:28:00+00:00\" \/>\n<meta property=\"article:modified_time\" content=\"2026-04-15T02:47:03+00:00\" \/>\n<meta property=\"og:image\" content=\"https:\/\/diplomatinvestissement.com\/wp-content\/uploads\/2026\/04\/General-Jalume.jpg\" \/>\n\t<meta property=\"og:image:width\" content=\"640\" \/>\n\t<meta property=\"og:image:height\" content=\"360\" \/>\n\t<meta property=\"og:image:type\" content=\"image\/jpeg\" \/>\n<meta name=\"author\" content=\"admin\" \/>\n<meta name=\"twitter:card\" content=\"summary_large_image\" \/>\n<meta name=\"twitter:label1\" content=\"\u00c9crit par\" \/>\n\t<meta name=\"twitter:data1\" content=\"admin\" \/>\n\t<meta name=\"twitter:label2\" content=\"Dur\u00e9e de lecture estim\u00e9e\" \/>\n\t<meta name=\"twitter:data2\" content=\"10 minutes\" \/>\n<script type=\"application\/ld+json\" class=\"yoast-schema-graph\">{\"@context\":\"https:\/\/schema.org\",\"@graph\":[{\"@type\":\"WebPage\",\"@id\":\"https:\/\/diplomatinvestissement.com\/index.php\/2010\/11\/15\/general-denis-kalume-numbi\/\",\"url\":\"https:\/\/diplomatinvestissement.com\/index.php\/2010\/11\/15\/general-denis-kalume-numbi\/\",\"name\":\"G\u00c9N\u00c9RAL D\u00c9NIS KALUME NUMBI -\",\"isPartOf\":{\"@id\":\"https:\/\/diplomatinvestissement.com\/#website\"},\"primaryImageOfPage\":{\"@id\":\"https:\/\/diplomatinvestissement.com\/index.php\/2010\/11\/15\/general-denis-kalume-numbi\/#primaryimage\"},\"image\":{\"@id\":\"https:\/\/diplomatinvestissement.com\/index.php\/2010\/11\/15\/general-denis-kalume-numbi\/#primaryimage\"},\"thumbnailUrl\":\"https:\/\/diplomatinvestissement.com\/wp-content\/uploads\/2026\/04\/General-Jalume.jpg\",\"datePublished\":\"2010-11-15T02:28:00+00:00\",\"dateModified\":\"2026-04-15T02:47:03+00:00\",\"author\":{\"@id\":\"https:\/\/diplomatinvestissement.com\/#\/schema\/person\/5fe47d8a049a73d3cae8642cd6289e93\"},\"breadcrumb\":{\"@id\":\"https:\/\/diplomatinvestissement.com\/index.php\/2010\/11\/15\/general-denis-kalume-numbi\/#breadcrumb\"},\"inLanguage\":\"fr-FR\",\"potentialAction\":[{\"@type\":\"ReadAction\",\"target\":[\"https:\/\/diplomatinvestissement.com\/index.php\/2010\/11\/15\/general-denis-kalume-numbi\/\"]}]},{\"@type\":\"ImageObject\",\"inLanguage\":\"fr-FR\",\"@id\":\"https:\/\/diplomatinvestissement.com\/index.php\/2010\/11\/15\/general-denis-kalume-numbi\/#primaryimage\",\"url\":\"https:\/\/diplomatinvestissement.com\/wp-content\/uploads\/2026\/04\/General-Jalume.jpg\",\"contentUrl\":\"https:\/\/diplomatinvestissement.com\/wp-content\/uploads\/2026\/04\/General-Jalume.jpg\",\"width\":640,\"height\":360,\"caption\":\"G\u00e9n\u00e9ral D\u00e9nis Kalume Numbi, Commissaire g\u00e9n\u00e9ral au cinquantenaire de la RDC\"},{\"@type\":\"BreadcrumbList\",\"@id\":\"https:\/\/diplomatinvestissement.com\/index.php\/2010\/11\/15\/general-denis-kalume-numbi\/#breadcrumb\",\"itemListElement\":[{\"@type\":\"ListItem\",\"position\":1,\"name\":\"Accueil\",\"item\":\"https:\/\/diplomatinvestissement.com\/\"},{\"@type\":\"ListItem\",\"position\":2,\"name\":\"G\u00c9N\u00c9RAL D\u00c9NIS KALUME NUMBI\"}]},{\"@type\":\"WebSite\",\"@id\":\"https:\/\/diplomatinvestissement.com\/#website\",\"url\":\"https:\/\/diplomatinvestissement.com\/\",\"name\":\"\",\"description\":\"\",\"potentialAction\":[{\"@type\":\"SearchAction\",\"target\":{\"@type\":\"EntryPoint\",\"urlTemplate\":\"https:\/\/diplomatinvestissement.com\/?s={search_term_string}\"},\"query-input\":{\"@type\":\"PropertyValueSpecification\",\"valueRequired\":true,\"valueName\":\"search_term_string\"}}],\"inLanguage\":\"fr-FR\"},{\"@type\":\"Person\",\"@id\":\"https:\/\/diplomatinvestissement.com\/#\/schema\/person\/5fe47d8a049a73d3cae8642cd6289e93\",\"name\":\"admin\",\"image\":{\"@type\":\"ImageObject\",\"inLanguage\":\"fr-FR\",\"@id\":\"https:\/\/diplomatinvestissement.com\/#\/schema\/person\/image\/\",\"url\":\"https:\/\/secure.gravatar.com\/avatar\/d36dd9ab0a5209759718a2da6eb9a41cc8657398a3eff64122b3824f8452ae6d?s=96&d=mm&r=g\",\"contentUrl\":\"https:\/\/secure.gravatar.com\/avatar\/d36dd9ab0a5209759718a2da6eb9a41cc8657398a3eff64122b3824f8452ae6d?s=96&d=mm&r=g\",\"caption\":\"admin\"},\"sameAs\":[\"https:\/\/diplomatinvestissement.com\"],\"url\":\"https:\/\/diplomatinvestissement.com\/index.php\/author\/milan-malinovicaccessleader-com\/\"}]}<\/script>\n<!-- \/ Yoast SEO plugin. -->","yoast_head_json":{"title":"G\u00c9N\u00c9RAL D\u00c9NIS KALUME NUMBI -","robots":{"index":"index","follow":"follow","max-snippet":"max-snippet:-1","max-image-preview":"max-image-preview:large","max-video-preview":"max-video-preview:-1"},"canonical":"https:\/\/diplomatinvestissement.com\/index.php\/2010\/11\/15\/general-denis-kalume-numbi\/","og_locale":"fr_FR","og_type":"article","og_title":"G\u00c9N\u00c9RAL D\u00c9NIS KALUME NUMBI -","og_description":"Le G\u00e9n\u00e9ral D\u00e9nis KALUME NUMBI ! L\u2019homme n\u2019est plus \u00e0 pr\u00e9senter. Figure militaire et politique de premier plan en R\u00e9publique D\u00e9mocratique du Congo. Il est tr\u00e8s pr\u00e9sent dans la sc\u00e8ne politique congolaise au point que son nom \u00e9voque son pass\u00e9 de grand officier de l\u2019arm\u00e9e congolaise. Depuis l\u2019\u00e9poque du Mar\u00e9chal Mobutu \u00e0 ce jour, en [&hellip;]","og_url":"https:\/\/diplomatinvestissement.com\/index.php\/2010\/11\/15\/general-denis-kalume-numbi\/","article_published_time":"2010-11-15T02:28:00+00:00","article_modified_time":"2026-04-15T02:47:03+00:00","og_image":[{"width":640,"height":360,"url":"https:\/\/diplomatinvestissement.com\/wp-content\/uploads\/2026\/04\/General-Jalume.jpg","type":"image\/jpeg"}],"author":"admin","twitter_card":"summary_large_image","twitter_misc":{"\u00c9crit par":"admin","Dur\u00e9e de lecture estim\u00e9e":"10 minutes"},"schema":{"@context":"https:\/\/schema.org","@graph":[{"@type":"WebPage","@id":"https:\/\/diplomatinvestissement.com\/index.php\/2010\/11\/15\/general-denis-kalume-numbi\/","url":"https:\/\/diplomatinvestissement.com\/index.php\/2010\/11\/15\/general-denis-kalume-numbi\/","name":"G\u00c9N\u00c9RAL D\u00c9NIS KALUME NUMBI -","isPartOf":{"@id":"https:\/\/diplomatinvestissement.com\/#website"},"primaryImageOfPage":{"@id":"https:\/\/diplomatinvestissement.com\/index.php\/2010\/11\/15\/general-denis-kalume-numbi\/#primaryimage"},"image":{"@id":"https:\/\/diplomatinvestissement.com\/index.php\/2010\/11\/15\/general-denis-kalume-numbi\/#primaryimage"},"thumbnailUrl":"https:\/\/diplomatinvestissement.com\/wp-content\/uploads\/2026\/04\/General-Jalume.jpg","datePublished":"2010-11-15T02:28:00+00:00","dateModified":"2026-04-15T02:47:03+00:00","author":{"@id":"https:\/\/diplomatinvestissement.com\/#\/schema\/person\/5fe47d8a049a73d3cae8642cd6289e93"},"breadcrumb":{"@id":"https:\/\/diplomatinvestissement.com\/index.php\/2010\/11\/15\/general-denis-kalume-numbi\/#breadcrumb"},"inLanguage":"fr-FR","potentialAction":[{"@type":"ReadAction","target":["https:\/\/diplomatinvestissement.com\/index.php\/2010\/11\/15\/general-denis-kalume-numbi\/"]}]},{"@type":"ImageObject","inLanguage":"fr-FR","@id":"https:\/\/diplomatinvestissement.com\/index.php\/2010\/11\/15\/general-denis-kalume-numbi\/#primaryimage","url":"https:\/\/diplomatinvestissement.com\/wp-content\/uploads\/2026\/04\/General-Jalume.jpg","contentUrl":"https:\/\/diplomatinvestissement.com\/wp-content\/uploads\/2026\/04\/General-Jalume.jpg","width":640,"height":360,"caption":"G\u00e9n\u00e9ral D\u00e9nis Kalume Numbi, Commissaire g\u00e9n\u00e9ral au cinquantenaire de la RDC"},{"@type":"BreadcrumbList","@id":"https:\/\/diplomatinvestissement.com\/index.php\/2010\/11\/15\/general-denis-kalume-numbi\/#breadcrumb","itemListElement":[{"@type":"ListItem","position":1,"name":"Accueil","item":"https:\/\/diplomatinvestissement.com\/"},{"@type":"ListItem","position":2,"name":"G\u00c9N\u00c9RAL D\u00c9NIS KALUME NUMBI"}]},{"@type":"WebSite","@id":"https:\/\/diplomatinvestissement.com\/#website","url":"https:\/\/diplomatinvestissement.com\/","name":"","description":"","potentialAction":[{"@type":"SearchAction","target":{"@type":"EntryPoint","urlTemplate":"https:\/\/diplomatinvestissement.com\/?s={search_term_string}"},"query-input":{"@type":"PropertyValueSpecification","valueRequired":true,"valueName":"search_term_string"}}],"inLanguage":"fr-FR"},{"@type":"Person","@id":"https:\/\/diplomatinvestissement.com\/#\/schema\/person\/5fe47d8a049a73d3cae8642cd6289e93","name":"admin","image":{"@type":"ImageObject","inLanguage":"fr-FR","@id":"https:\/\/diplomatinvestissement.com\/#\/schema\/person\/image\/","url":"https:\/\/secure.gravatar.com\/avatar\/d36dd9ab0a5209759718a2da6eb9a41cc8657398a3eff64122b3824f8452ae6d?s=96&d=mm&r=g","contentUrl":"https:\/\/secure.gravatar.com\/avatar\/d36dd9ab0a5209759718a2da6eb9a41cc8657398a3eff64122b3824f8452ae6d?s=96&d=mm&r=g","caption":"admin"},"sameAs":["https:\/\/diplomatinvestissement.com"],"url":"https:\/\/diplomatinvestissement.com\/index.php\/author\/milan-malinovicaccessleader-com\/"}]}},"jetpack_featured_media_url":"https:\/\/diplomatinvestissement.com\/wp-content\/uploads\/2026\/04\/General-Jalume.jpg","_links":{"self":[{"href":"https:\/\/diplomatinvestissement.com\/index.php\/wp-json\/wp\/v2\/posts\/1125","targetHints":{"allow":["GET"]}}],"collection":[{"href":"https:\/\/diplomatinvestissement.com\/index.php\/wp-json\/wp\/v2\/posts"}],"about":[{"href":"https:\/\/diplomatinvestissement.com\/index.php\/wp-json\/wp\/v2\/types\/post"}],"author":[{"embeddable":true,"href":"https:\/\/diplomatinvestissement.com\/index.php\/wp-json\/wp\/v2\/users\/1"}],"replies":[{"embeddable":true,"href":"https:\/\/diplomatinvestissement.com\/index.php\/wp-json\/wp\/v2\/comments?post=1125"}],"version-history":[{"count":1,"href":"https:\/\/diplomatinvestissement.com\/index.php\/wp-json\/wp\/v2\/posts\/1125\/revisions"}],"predecessor-version":[{"id":1127,"href":"https:\/\/diplomatinvestissement.com\/index.php\/wp-json\/wp\/v2\/posts\/1125\/revisions\/1127"}],"wp:featuredmedia":[{"embeddable":true,"href":"https:\/\/diplomatinvestissement.com\/index.php\/wp-json\/wp\/v2\/media\/1126"}],"wp:attachment":[{"href":"https:\/\/diplomatinvestissement.com\/index.php\/wp-json\/wp\/v2\/media?parent=1125"}],"wp:term":[{"taxonomy":"category","embeddable":true,"href":"https:\/\/diplomatinvestissement.com\/index.php\/wp-json\/wp\/v2\/categories?post=1125"},{"taxonomy":"post_tag","embeddable":true,"href":"https:\/\/diplomatinvestissement.com\/index.php\/wp-json\/wp\/v2\/tags?post=1125"}],"curies":[{"name":"wp","href":"https:\/\/api.w.org\/{rel}","templated":true}]}}